{"id":3676,"date":"2026-09-05T17:34:08","date_gmt":"2026-09-05T17:34:08","guid":{"rendered":"https:\/\/ninaraem.de\/?p=3676"},"modified":"2026-09-05T18:07:28","modified_gmt":"2026-09-05T18:07:28","slug":"plaene-2027","status":"publish","type":"post","link":"https:\/\/ninaraem.de\/de\/orga\/plaene-2027\/","title":{"rendered":"Pl\u00e4ne 2027"},"content":{"rendered":"\n<p class=\"wp-block-paragraph\">Wir n\u00e4hern uns dem letzten Quartal 2026 und damit wird es langsam Zeit f\u00fcr den n\u00e4chsten Blick nach vorne. Nachdem ich euch in den vergangenen Jahren schon ein bisschen an meinen Pl\u00e4nen teilhaben lie\u00df, gibt es auch f\u00fcr 2027 wieder einiges zu erz\u00e4hlen. Ein paar Dinge stehen bereits ziemlich fest, anderes darf sich noch entwickeln. Aber der grobe Plan steht \u2013 und wenn ich ihn so anschaue, freue ich mich schon ziemlich auf das kommende Jahr.<\/p>\n\n\n\n<h2 class=\"wp-block-heading\"><strong>Ab Oktober 2026: Dahab<\/strong><\/h2>\n\n\n\n<p class=\"wp-block-paragraph\">Am 30. September 2026 geht mein Flieger wieder nach Dahab. Anders als in den vergangenen Jahren werde ich ab Oktober wieder eine feste Yogaklasse unterrichten. Es wird eine ruhige, erdende Yin-Yoga-Einheit im OSG, dem ganz wunderh\u00fcbschen Garten meiner tollen Kollegin <a href=\"https:\/\/www.instagram.com\/gen.in.motion\/\" data-type=\"link\" data-id=\"https:\/\/www.instagram.com\/gen.in.motion\/\" target=\"_blank\" rel=\"noreferrer noopener\">Gen Morris<\/a>. Meine Online-Yogastunden laufen nat\u00fcrlich weiterhin ganzj\u00e4hrig und sind wie gewohnt im <a href=\"https:\/\/ninaraem.de\/de\/yoga-spektrum\/stundenplan\/\" data-type=\"link\" data-id=\"https:\/\/ninaraem.de\/de\/yoga-spektrum\/stundenplan\/\">Stundenplan<\/a> zu finden. Nach ein paar eigenen Freedive-Sessions stehe ich ab Mitte Oktober auch wieder f\u00fcr <a href=\"https:\/\/ninaraem.de\/de\/freedive\/aida-kurs\/\" data-type=\"link\" data-id=\"https:\/\/ninaraem.de\/de\/freedive\/aida-kurs\/\">AIDA-Kurse<\/a> und <a href=\"https:\/\/ninaraem.de\/de\/freedive\/open-water-coaching\/\" data-type=\"link\" data-id=\"https:\/\/ninaraem.de\/de\/freedive\/open-water-coaching\/\">Coachings<\/a> zur Verf\u00fcgung. Mein Ziel bleibt dabei bestehen: Ich m\u00f6chte weiterhin AIDA Master Instruktorin werden und damit irgendwann auch AIDA 4-Kurse anbieten k\u00f6nnen.<\/p>\n\n\n\n<h2 class=\"wp-block-heading\"><strong>Silvester in der W\u00fcste<\/strong><\/h2>\n\n\n\n<p class=\"wp-block-paragraph\">Den Jahreswechsel werde ich mit Freunden in der W\u00fcste verbringen. Zwei Freunde aus Deutschland kommen zu Besuch und wir werden dort gemeinsam Zeit verbringen und ins neue Jahr starten. Darauf freue ich mich ganz besonders.<\/p>\n\n\n\n<h2 class=\"wp-block-heading\"><strong>Reise nach Jordanien 2027<\/strong><\/h2>\n\n\n\n<p class=\"wp-block-paragraph\">Anfang April geht es dann auf Reisen. Eigentlich wollte ich Jordanien bereits in 2026 besuchen. Dann kam der Krieg dazwischen und ich habe die Reise verschoben. Umso sch\u00f6ner, dass sie nun wieder auf meinem Plan f\u00fcr 2027 steht. Ich freue mich darauf, dieses Land endlich kennenzulernen, unterwegs zu sein, neue Landschaften zu entdecken und ein bisschen aus meinem Dahab-Alltag herauszukommen.<\/p>\n\n\n\n<h2 class=\"wp-block-heading\"><strong>Yoga &amp; Fundive Retreat \u201ethe blue pause\u201c<\/strong><\/h2>\n\n\n\n<p class=\"wp-block-paragraph\">Direkt im Anschluss wartet ein ganz besonderes Highlight auf mich: Vom 18. bis 25. April 2027 findet unser <a href=\"https:\/\/ninaraem.de\/de\/freedive\/the-blue-pause-yoga-fundive-retreat-with-michele-nina\/\" data-type=\"link\" data-id=\"https:\/\/ninaraem.de\/de\/freedive\/the-blue-pause-yoga-fundive-retreat-with-michele-nina\/\">Yoga &amp; Fundive Retreat<\/a> mit <a href=\"https:\/\/www.instagram.com\/michelefouquet\/\" target=\"_blank\" data-type=\"link\" data-id=\"https:\/\/www.instagram.com\/michelefouquet\/\" rel=\"noreferrer noopener\">Mich\u00e8le<\/a> statt. Darauf freue ich mich nicht nur pers\u00f6nlich, sondern auch beruflich ganz besonders. Die Verbindung von Yoga und Freediving ist inzwischen ein wichtiger Teil meiner Arbeit geworden und genau diese beiden Welten in einem Retreat miteinander zu verbinden, f\u00fchlt sich f\u00fcr mich sehr stimmig an. Eine Woche mit Yoga, Freediving, Entspannung, Meer, Begegnungen und hoffentlich ganz viel Zeit zum Durchatmen.<\/p>\n\n\n\n<h2 class=\"wp-block-heading\"><strong>Ende Mai: Familie<\/strong><\/h2>\n\n\n\n<p class=\"wp-block-paragraph\">Ende Mai geht es f\u00fcr mich zur\u00fcck nach Deutschland- zun\u00e4chst nach Bremen\/Hamburg, um Zeit mit meiner Familie zu verbringen. Nach mehreren Monaten in Dahab freue ich mich darauf, meine Familie wiederzusehen und quality time miteinander zu verbringen.<\/p>\n\n\n\n<h2 class=\"wp-block-heading\"><strong>Juni bis September: Berlin<\/strong><\/h2>\n\n\n\n<p class=\"wp-block-paragraph\">Danach geht es weiter nach Berlin. Die Sommermonate werde ich wieder in meiner Wohnung in Kreuzberg verbringen, arbeiten, Freunde treffen, meine Projekte weiterentwickeln und den Berliner Sommer genie\u00dfen. Und irgendwann wird dann nat\u00fcrlich wieder der n\u00e4chste Dahab-Aufenthalt vor der T\u00fcr stehen.<\/p>\n\n\n\n<h2 class=\"wp-block-heading\"><strong>Ab Oktober: zur\u00fcck nach Dahab<\/strong><\/h2>\n\n\n\n<p class=\"wp-block-paragraph\">Im Herbst hei\u00dft es schlie\u00dflich wieder: Back to Dahab. Und damit beginnt der n\u00e4chste Zyklus. Ich mag diesen Wechsel zwischen meinen beiden Welten inzwischen sehr. Berlin im Sommer, Dahab im Winter und dazwischen Reisen, Familie, Yoga, Freediving und immer wieder neue Ideen. Nat\u00fcrlich kann sich bis dahin noch einiges \u00e4ndern. Das Leben h\u00e4lt sich bekanntlich nicht immer an unsere Pl\u00e4ne. Aber ein bisschen Vorfreude darf ja sein.<\/p>\n\n\n\n<p class=\"wp-block-paragraph\"><strong>2027:<\/strong> <strong>I<\/strong><strong>ch bin gespannt auf dich.<\/strong><\/p>\n\n\n\n<div style=\"height:30px\" aria-hidden=\"true\" class=\"wp-block-spacer\"><\/div>\n\n\n\n<h2 class=\"wp-block-heading\"><strong>Pl\u00e4ne im \u00dcberblick<\/strong><\/h2>\n\n\n\n<ul class=\"wp-block-list\">\n<li><strong>30.09.2026:<\/strong> Abflug nach Dahab<\/li>\n\n\n\n<li><strong>ab Oktober 2026:<\/strong> feste Yin-Yogastunde im OSG bei <a href=\"https:\/\/www.instagram.com\/gen.in.motion\/\" target=\"_blank\" data-type=\"link\" data-id=\"https:\/\/www.instagram.com\/gen.in.motion\/\" rel=\"noreferrer noopener\">Gen Morris<\/a><\/li>\n\n\n\n<li><strong>Anfang Oktober:<\/strong> eigenes Freedive-Training<\/li>\n\n\n\n<li><strong>ab Mitte Oktober:<\/strong> AIDA-Kurse &amp; Coachings auf Anfrage<\/li>\n\n\n\n<li><strong>Silvester:<\/strong> W\u00fcstentrip mit Freunden<\/li>\n\n\n\n<li><strong>Anfang April 2027:<\/strong> Reise durch Jordanien<\/li>\n\n\n\n<li><strong>18. bis 25. April 2027:<\/strong> Yoga &amp; Fundive Retreat mit <a href=\"https:\/\/www.instagram.com\/michelefouquet\/\" target=\"_blank\" data-type=\"link\" data-id=\"https:\/\/www.instagram.com\/michelefouquet\/\" rel=\"noreferrer noopener\">Mich\u00e8le<\/a><\/li>\n\n\n\n<li><strong>Ende Mai 2027:<\/strong> R\u00fcckflug nach Bremen\/Hamburg &amp; Zeit mit der Familie<\/li>\n\n\n\n<li><strong>Juni bis September 2027:<\/strong> Sommer in Berlin<\/li>\n\n\n\n<li><strong>ab Oktober 2027:<\/strong> zur\u00fcck nach Dahab<\/li>\n<\/ul>\n","protected":false},"excerpt":{"rendered":"<p>Wir n\u00e4hern uns dem letzten Quartal 2026 und damit wird es langsam Zeit f\u00fcr den n\u00e4chsten Blick nach vorne. Nachdem ich euch in den vergangenen Jahren schon ein bisschen an meinen Pl\u00e4nen teilhaben lie\u00df, gibt es auch f\u00fcr 2027 wieder einiges zu erz\u00e4hlen. Ein paar Dinge stehen bereits ziemlich fest, anderes darf sich noch entwickeln. [&hellip;]<\/p>\n","protected":false},"author":1,"featured_media":3677,"comment_status":"closed","ping_status":"closed","sticky":false,"template":"","format":"standard","meta":{"footnotes":""},"categories":[3,21,6,7],"tags":[],"class_list":["post-3676","post","type-post","status-publish","format-standard","has-post-thumbnail","hentry","category-orga","category-freedive","category-yin-yoga","category-yoga-retreat"],"_links":{"self":[{"href":"https:\/\/ninaraem.de\/de\/wp-json\/wp\/v2\/posts\/3676","targetHints":{"allow":["GET"]}}],"collection":[{"href":"https:\/\/ninaraem.de\/de\/wp-json\/wp\/v2\/posts"}],"about":[{"href":"https:\/\/ninaraem.de\/de\/wp-json\/wp\/v2\/types\/post"}],"author":[{"embeddable":true,"href":"https:\/\/ninaraem.de\/de\/wp-json\/wp\/v2\/users\/1"}],"replies":[{"embeddable":true,"href":"https:\/\/ninaraem.de\/de\/wp-json\/wp\/v2\/comments?post=3676"}],"version-history":[{"count":35,"href":"https:\/\/ninaraem.de\/de\/wp-json\/wp\/v2\/posts\/3676\/revisions"}],"predecessor-version":[{"id":3719,"href":"https:\/\/ninaraem.de\/de\/wp-json\/wp\/v2\/posts\/3676\/revisions\/3719"}],"wp:featuredmedia":[{"embeddable":true,"href":"https:\/\/ninaraem.de\/de\/wp-json\/wp\/v2\/media\/3677"}],"wp:attachment":[{"href":"https:\/\/ninaraem.de\/de\/wp-json\/wp\/v2\/media?parent=3676"}],"wp:term":[{"taxonomy":"category","embeddable":true,"href":"https:\/\/ninaraem.de\/de\/wp-json\/wp\/v2\/categories?post=3676"},{"taxonomy":"post_tag","embeddable":true,"href":"https:\/\/ninaraem.de\/de\/wp-json\/wp\/v2\/tags?post=3676"}],"curies":[{"name":"wp","href":"https:\/\/api.w.org\/{rel}","templated":true}]}}